{"id":3823,"date":"2022-01-11T00:00:00","date_gmt":"2022-01-10T22:00:00","guid":{"rendered":"https:\/\/parldokagh.westmark-hosting.de\/premium\/wer-ist-hier-der-boss-herrscht-im-kita-eigenbetrieb-kindergaerten-city-gute-arbeit-vor-die-grundrechte-der-arbeitnehmer-schuetzt-oder-stimmen-berichte-der-sozialistischen-tagesz\/"},"modified":"2026-08-14T01:01:16","modified_gmt":"2026-08-13T23:01:16","slug":"wer-ist-hier-der-boss-herrscht-im-kita-eigenbetrieb-kindergaerten-city-gute-arbeit-vor-die-grundrechte-der-arbeitnehmer-schuetzt-oder-stimmen-berichte-der-sozialistischen-tagesz","status":"publish","type":"post","link":"https:\/\/afd-fraktion.berlin\/parlamentsdokumentation\/wer-ist-hier-der-boss-herrscht-im-kita-eigenbetrieb-kindergaerten-city-gute-arbeit-vor-die-grundrechte-der-arbeitnehmer-schuetzt-oder-stimmen-berichte-der-sozialistischen-tagesz\/","title":{"rendered":"Wer ist hier der Boss?  &#8211; Herrscht im Kita-Eigenbetrieb \u201eKinderg\u00e4rten City\u201d Gute Arbeit vor, die Grundrechte der Arbeitnehmer sch\u00fctzt oder stimmen Berichte der sozialistischen Tageszeitung nd \u00fcber Bossing in der Gesch\u00e4ftsstelle?"},"content":{"rendered":"<p><a href=\"https:\/\/pardok.parlament-berlin.de\/starweb\/adis\/citat\/VT\/19\/SchrAnfr\/S19-10577.pdf\" target=\"_blank\" rel=\"noopener\">Weiterlesen<\/a><\/p>\n","protected":false},"excerpt":{"rendered":"<p>Weiterlesen<\/p>\n","protected":false},"author":0,"featured_media":0,"comment_status":"open","ping_status":"open","sticky":false,"template":"","format":"standard","meta":{"neve_meta_sidebar":"","neve_meta_container":"","neve_meta_enable_content_width":"","neve_meta_content_width":0,"neve_meta_title_alignment":"","neve_meta_author_avatar":"","neve_post_elements_order":"","neve_meta_disable_header":"","neve_meta_disable_footer":"","neve_meta_disable_title":"","footnotes":""},"categories":[20],"tags":[32],"class_list":["post-3823","post","type-post","status-publish","format-standard","hentry","category-schriftliche-anfrage","tag-auricht-jeannette-afd"],"_links":{"self":[{"href":"https:\/\/afd-fraktion.berlin\/parlamentsdokumentation\/wp-json\/wp\/v2\/posts\/3823","targetHints":{"allow":["GET"]}}],"collection":[{"href":"https:\/\/afd-fraktion.berlin\/parlamentsdokumentation\/wp-json\/wp\/v2\/posts"}],"about":[{"href":"https:\/\/afd-fraktion.berlin\/parlamentsdokumentation\/wp-json\/wp\/v2\/types\/post"}],"replies":[{"embeddable":true,"href":"https:\/\/afd-fraktion.berlin\/parlamentsdokumentation\/wp-json\/wp\/v2\/comments?post=3823"}],"version-history":[{"count":0,"href":"https:\/\/afd-fraktion.berlin\/parlamentsdokumentation\/wp-json\/wp\/v2\/posts\/3823\/revisions"}],"wp:attachment":[{"href":"https:\/\/afd-fraktion.berlin\/parlamentsdokumentation\/wp-json\/wp\/v2\/media?parent=3823"}],"wp:term":[{"taxonomy":"category","embeddable":true,"href":"https:\/\/afd-fraktion.berlin\/parlamentsdokumentation\/wp-json\/wp\/v2\/categories?post=3823"},{"taxonomy":"post_tag","embeddable":true,"href":"https:\/\/afd-fraktion.berlin\/parlamentsdokumentation\/wp-json\/wp\/v2\/tags?post=3823"}],"curies":[{"name":"wp","href":"https:\/\/api.w.org\/{rel}","templated":true}]}}