{"id":3742,"date":"2021-11-18T00:00:00","date_gmt":"2021-11-17T22:00:00","guid":{"rendered":"https:\/\/parldokagh.westmark-hosting.de\/premium\/welche-corona-regelung-gilt-eigentlich-aktuell-auf-berlins-einzigem-und-letzten-strassenstrich-an-der-kurfuerstenstrasse\/"},"modified":"2026-08-14T01:01:14","modified_gmt":"2026-08-13T23:01:14","slug":"welche-corona-regelung-gilt-eigentlich-aktuell-auf-berlins-einzigem-und-letzten-strassenstrich-an-der-kurfuerstenstrasse","status":"publish","type":"post","link":"https:\/\/afd-fraktion.berlin\/parlamentsdokumentation\/welche-corona-regelung-gilt-eigentlich-aktuell-auf-berlins-einzigem-und-letzten-strassenstrich-an-der-kurfuerstenstrasse\/","title":{"rendered":"Welche Corona-Regelung gilt eigentlich aktuell auf Berlins einzigem und letzten Stra\u00dfenstrich an der Kurf\u00fcrstenstra\u00dfe?"},"content":{"rendered":"<p><a href=\"https:\/\/pardok.parlament-berlin.de\/starweb\/adis\/citat\/VT\/19\/SchrAnfr\/S19-10186.pdf\" target=\"_blank\" rel=\"noopener\">Weiterlesen<\/a><\/p>\n","protected":false},"excerpt":{"rendered":"<p>Weiterlesen<\/p>\n","protected":false},"author":0,"featured_media":0,"comment_status":"open","ping_status":"open","sticky":false,"template":"","format":"standard","meta":{"neve_meta_sidebar":"","neve_meta_container":"","neve_meta_enable_content_width":"","neve_meta_content_width":0,"neve_meta_title_alignment":"","neve_meta_author_avatar":"","neve_post_elements_order":"","neve_meta_disable_header":"","neve_meta_disable_footer":"","neve_meta_disable_title":"","footnotes":""},"categories":[20],"tags":[32],"class_list":["post-3742","post","type-post","status-publish","format-standard","hentry","category-schriftliche-anfrage","tag-auricht-jeannette-afd"],"_links":{"self":[{"href":"https:\/\/afd-fraktion.berlin\/parlamentsdokumentation\/wp-json\/wp\/v2\/posts\/3742","targetHints":{"allow":["GET"]}}],"collection":[{"href":"https:\/\/afd-fraktion.berlin\/parlamentsdokumentation\/wp-json\/wp\/v2\/posts"}],"about":[{"href":"https:\/\/afd-fraktion.berlin\/parlamentsdokumentation\/wp-json\/wp\/v2\/types\/post"}],"replies":[{"embeddable":true,"href":"https:\/\/afd-fraktion.berlin\/parlamentsdokumentation\/wp-json\/wp\/v2\/comments?post=3742"}],"version-history":[{"count":0,"href":"https:\/\/afd-fraktion.berlin\/parlamentsdokumentation\/wp-json\/wp\/v2\/posts\/3742\/revisions"}],"wp:attachment":[{"href":"https:\/\/afd-fraktion.berlin\/parlamentsdokumentation\/wp-json\/wp\/v2\/media?parent=3742"}],"wp:term":[{"taxonomy":"category","embeddable":true,"href":"https:\/\/afd-fraktion.berlin\/parlamentsdokumentation\/wp-json\/wp\/v2\/categories?post=3742"},{"taxonomy":"post_tag","embeddable":true,"href":"https:\/\/afd-fraktion.berlin\/parlamentsdokumentation\/wp-json\/wp\/v2\/tags?post=3742"}],"curies":[{"name":"wp","href":"https:\/\/api.w.org\/{rel}","templated":true}]}}