{"id":26627,"date":"2026-03-11T00:00:00","date_gmt":"2026-03-10T22:00:00","guid":{"rendered":"https:\/\/afd-fraktion.berlin\/parlamentsdokumentation\/bruesseler-zentralisierungskurs-bei-der-ki-regulierung-souveraenitaetsverlust-und-buerokratische-mehrbelastungen-fuer-das-land-berlin\/"},"modified":"2026-03-11T00:00:00","modified_gmt":"2026-03-10T22:00:00","slug":"bruesseler-zentralisierungskurs-bei-der-ki-regulierung-souveraenitaetsverlust-und-buerokratische-mehrbelastungen-fuer-das-land-berlin","status":"publish","type":"post","link":"https:\/\/afd-fraktion.berlin\/parlamentsdokumentation\/bruesseler-zentralisierungskurs-bei-der-ki-regulierung-souveraenitaetsverlust-und-buerokratische-mehrbelastungen-fuer-das-land-berlin\/","title":{"rendered":"Br\u00fcsseler Zentralisierungskurs bei der KI-Regulierung &#8211; Souver\u00e4nit\u00e4tsverlust und b\u00fcrokratische Mehrbelastungen f\u00fcr das Land Berlin"},"content":{"rendered":"<p><a href=\"https:\/\/pardok.parlament-berlin.de\/starweb\/adis\/citat\/VT\/19\/SchrAnfr\/S19-25486.pdf\" target=\"_blank\" rel=\"noopener\">Weiterlesen<\/a><\/p>\n","protected":false},"excerpt":{"rendered":"<p>Weiterlesen<\/p>\n","protected":false},"author":0,"featured_media":0,"comment_status":"open","ping_status":"open","sticky":false,"template":"","format":"standard","meta":{"neve_meta_sidebar":"","neve_meta_container":"","neve_meta_enable_content_width":"","neve_meta_content_width":0,"neve_meta_title_alignment":"","neve_meta_author_avatar":"","neve_post_elements_order":"","neve_meta_disable_header":"","neve_meta_disable_footer":"","neve_meta_disable_title":"","footnotes":""},"categories":[20],"tags":[35],"class_list":["post-26627","post","type-post","status-publish","format-standard","hentry","category-schriftliche-anfrage","tag-bronson-dr-hugh-afd"],"_links":{"self":[{"href":"https:\/\/afd-fraktion.berlin\/parlamentsdokumentation\/wp-json\/wp\/v2\/posts\/26627","targetHints":{"allow":["GET"]}}],"collection":[{"href":"https:\/\/afd-fraktion.berlin\/parlamentsdokumentation\/wp-json\/wp\/v2\/posts"}],"about":[{"href":"https:\/\/afd-fraktion.berlin\/parlamentsdokumentation\/wp-json\/wp\/v2\/types\/post"}],"replies":[{"embeddable":true,"href":"https:\/\/afd-fraktion.berlin\/parlamentsdokumentation\/wp-json\/wp\/v2\/comments?post=26627"}],"version-history":[{"count":0,"href":"https:\/\/afd-fraktion.berlin\/parlamentsdokumentation\/wp-json\/wp\/v2\/posts\/26627\/revisions"}],"wp:attachment":[{"href":"https:\/\/afd-fraktion.berlin\/parlamentsdokumentation\/wp-json\/wp\/v2\/media?parent=26627"}],"wp:term":[{"taxonomy":"category","embeddable":true,"href":"https:\/\/afd-fraktion.berlin\/parlamentsdokumentation\/wp-json\/wp\/v2\/categories?post=26627"},{"taxonomy":"post_tag","embeddable":true,"href":"https:\/\/afd-fraktion.berlin\/parlamentsdokumentation\/wp-json\/wp\/v2\/tags?post=26627"}],"curies":[{"name":"wp","href":"https:\/\/api.w.org\/{rel}","templated":true}]}}