{"id":26620,"date":"2026-03-12T00:00:00","date_gmt":"2026-03-11T22:00:00","guid":{"rendered":"https:\/\/afd-fraktion.berlin\/parlamentsdokumentation\/das-geschaeft-mit-frauenkoerpern-leihmutterschaft-werbung-auf-der-wish-for-a-baby-messe-2026-behoerdenzustaendigkeit-und-schutz-betroffener-frauen\/"},"modified":"2026-08-14T01:03:54","modified_gmt":"2026-08-13T23:03:54","slug":"das-geschaeft-mit-frauenkoerpern-leihmutterschaft-werbung-auf-der-wish-for-a-baby-messe-2026-behoerdenzustaendigkeit-und-schutz-betroffener-frauen","status":"publish","type":"post","link":"https:\/\/afd-fraktion.berlin\/parlamentsdokumentation\/das-geschaeft-mit-frauenkoerpern-leihmutterschaft-werbung-auf-der-wish-for-a-baby-messe-2026-behoerdenzustaendigkeit-und-schutz-betroffener-frauen\/","title":{"rendered":"Das Gesch\u00e4ft mit Frauenk\u00f6rpern &#8211; Leihmutterschaft Werbung auf der &#8222;Wish for a Baby&#8220;-Messe 2026, Beh\u00f6rdenzust\u00e4ndigkeit und Schutz betroffener Frauen"},"content":{"rendered":"<p><a href=\"https:\/\/pardok.parlament-berlin.de\/starweb\/adis\/citat\/VT\/19\/SchrAnfr\/S19-25497.pdf\" target=\"_blank\" rel=\"noopener\">Weiterlesen<\/a><\/p>\n","protected":false},"excerpt":{"rendered":"<p>Weiterlesen<\/p>\n","protected":false},"author":0,"featured_media":0,"comment_status":"open","ping_status":"open","sticky":false,"template":"","format":"standard","meta":{"neve_meta_sidebar":"","neve_meta_container":"","neve_meta_enable_content_width":"","neve_meta_content_width":0,"neve_meta_title_alignment":"","neve_meta_author_avatar":"","neve_post_elements_order":"","neve_meta_disable_header":"","neve_meta_disable_footer":"","neve_meta_disable_title":"","footnotes":""},"categories":[20],"tags":[32],"class_list":["post-26620","post","type-post","status-publish","format-standard","hentry","category-schriftliche-anfrage","tag-auricht-jeannette-afd"],"_links":{"self":[{"href":"https:\/\/afd-fraktion.berlin\/parlamentsdokumentation\/wp-json\/wp\/v2\/posts\/26620","targetHints":{"allow":["GET"]}}],"collection":[{"href":"https:\/\/afd-fraktion.berlin\/parlamentsdokumentation\/wp-json\/wp\/v2\/posts"}],"about":[{"href":"https:\/\/afd-fraktion.berlin\/parlamentsdokumentation\/wp-json\/wp\/v2\/types\/post"}],"replies":[{"embeddable":true,"href":"https:\/\/afd-fraktion.berlin\/parlamentsdokumentation\/wp-json\/wp\/v2\/comments?post=26620"}],"version-history":[{"count":1,"href":"https:\/\/afd-fraktion.berlin\/parlamentsdokumentation\/wp-json\/wp\/v2\/posts\/26620\/revisions"}],"predecessor-version":[{"id":32587,"href":"https:\/\/afd-fraktion.berlin\/parlamentsdokumentation\/wp-json\/wp\/v2\/posts\/26620\/revisions\/32587"}],"wp:attachment":[{"href":"https:\/\/afd-fraktion.berlin\/parlamentsdokumentation\/wp-json\/wp\/v2\/media?parent=26620"}],"wp:term":[{"taxonomy":"category","embeddable":true,"href":"https:\/\/afd-fraktion.berlin\/parlamentsdokumentation\/wp-json\/wp\/v2\/categories?post=26620"},{"taxonomy":"post_tag","embeddable":true,"href":"https:\/\/afd-fraktion.berlin\/parlamentsdokumentation\/wp-json\/wp\/v2\/tags?post=26620"}],"curies":[{"name":"wp","href":"https:\/\/api.w.org\/{rel}","templated":true}]}}