{"id":26586,"date":"2026-03-18T00:00:00","date_gmt":"2026-03-17T22:00:00","guid":{"rendered":"https:\/\/afd-fraktion.berlin\/parlamentsdokumentation\/kein-kulturbonus-fuer-migranten-vergewaltigung-ist-ein-schwerverbrechen-berliner-jugendhaeuser-muessen-zu-sicheren-orten-werden\/"},"modified":"2026-04-02T01:01:39","modified_gmt":"2026-04-01T23:01:39","slug":"kein-kulturbonus-fuer-migranten-vergewaltigung-ist-ein-schwerverbrechen-berliner-jugendhaeuser-muessen-zu-sicheren-orten-werden","status":"publish","type":"post","link":"https:\/\/afd-fraktion.berlin\/parlamentsdokumentation\/kein-kulturbonus-fuer-migranten-vergewaltigung-ist-ein-schwerverbrechen-berliner-jugendhaeuser-muessen-zu-sicheren-orten-werden\/","title":{"rendered":"Kein &#8222;Kulturbonus&#8220; f\u00fcr Migranten &#8211; Vergewaltigung ist ein Schwerverbrechen! Berliner Jugendh\u00e4user m\u00fcssen zu sicheren Orten werden"},"content":{"rendered":"<p><a href=\"https:\/\/pardok.parlament-berlin.de\/starweb\/adis\/citat\/VT\/19\/DruckSachen\/d19-3078.pdf\" target=\"_blank\" rel=\"noopener\">Weiterlesen<\/a><\/p>\n","protected":false},"excerpt":{"rendered":"<p>Weiterlesen<\/p>\n","protected":false},"author":0,"featured_media":0,"comment_status":"open","ping_status":"open","sticky":false,"template":"","format":"standard","meta":{"neve_meta_sidebar":"","neve_meta_container":"","neve_meta_enable_content_width":"","neve_meta_content_width":0,"neve_meta_title_alignment":"","neve_meta_author_avatar":"","neve_post_elements_order":"","neve_meta_disable_header":"","neve_meta_disable_footer":"","neve_meta_disable_title":"","footnotes":""},"categories":[18],"tags":[24],"class_list":["post-26586","post","type-post","status-publish","format-standard","hentry","category-antrag","tag-alternative-fuer-deutschland-afd"],"_links":{"self":[{"href":"https:\/\/afd-fraktion.berlin\/parlamentsdokumentation\/wp-json\/wp\/v2\/posts\/26586","targetHints":{"allow":["GET"]}}],"collection":[{"href":"https:\/\/afd-fraktion.berlin\/parlamentsdokumentation\/wp-json\/wp\/v2\/posts"}],"about":[{"href":"https:\/\/afd-fraktion.berlin\/parlamentsdokumentation\/wp-json\/wp\/v2\/types\/post"}],"replies":[{"embeddable":true,"href":"https:\/\/afd-fraktion.berlin\/parlamentsdokumentation\/wp-json\/wp\/v2\/comments?post=26586"}],"version-history":[{"count":0,"href":"https:\/\/afd-fraktion.berlin\/parlamentsdokumentation\/wp-json\/wp\/v2\/posts\/26586\/revisions"}],"wp:attachment":[{"href":"https:\/\/afd-fraktion.berlin\/parlamentsdokumentation\/wp-json\/wp\/v2\/media?parent=26586"}],"wp:term":[{"taxonomy":"category","embeddable":true,"href":"https:\/\/afd-fraktion.berlin\/parlamentsdokumentation\/wp-json\/wp\/v2\/categories?post=26586"},{"taxonomy":"post_tag","embeddable":true,"href":"https:\/\/afd-fraktion.berlin\/parlamentsdokumentation\/wp-json\/wp\/v2\/tags?post=26586"}],"curies":[{"name":"wp","href":"https:\/\/api.w.org\/{rel}","templated":true}]}}